{"id":17972,"date":"2026-09-03T09:23:39","date_gmt":"2026-09-03T07:23:39","guid":{"rendered":"https:\/\/johannes-prassek.de\/?p=17972"},"modified":"2026-09-03T09:24:55","modified_gmt":"2026-09-03T07:24:55","slug":"tag-des-offenen-denkmals-erstmals-auch-in-heilig-kreuz-am-samstag-12-09-26-von-1030-1700-uhr","status":"publish","type":"post","link":"https:\/\/johannes-prassek.de\/?p=17972","title":{"rendered":"\u201eTag des offenen Denkmals\u201c erstmals auch in Heilig Kreuz! Am Samstag, 12.09.26 von 10:30 &#8211; 17:00 Uhr"},"content":{"rendered":"<p><a href=\"https:\/\/heilig-kreuz-volksdorf.de\/wp-content\/uploads\/sites\/5\/2026\/09\/260912-Artikel-HP_Tag-des-offenen-Denkmals.pdf\" target=\"_blank\" rel=\"noopener\"><img loading=\"lazy\" decoding=\"async\" class=\"alignleft  wp-image-7324\" src=\"https:\/\/heilig-kreuz-volksdorf.de\/wp-content\/uploads\/sites\/5\/2026\/09\/260912-HK-Tag-des-offenen-Denkmals.jpg\" alt=\"\" width=\"252\" height=\"357\" \/><\/a><\/p>\n<p>Liebe Pfarreiemitglieder,<\/p>\n<p>Der F\u00f6rderverein Heilig Kreuz, Volksdorf e.V. hat sich in diesem Jahr erstmals f\u00fcr die Aktion \u201eTag des offenen Denkmals\u201c angemeldet. Wir werden hierbei von der Hamburger Denkmalstiftung unterst\u00fctzt.<\/p>\n<p>Unsere Kirche Heilig Kreuz wird in der Zeit von 10:30 Uhr bis 17:00 Uhr der \u00d6ffentlichkeit pr\u00e4sentiert. Es wird Kirchenf\u00fchrungen f\u00fcr Interessierte geben und folgendes Programm:<\/p>\n<ul>\n<li>11 Uhr Orgelmusik mit Anke Laumayer u.a.<\/li>\n<li>13 Uhr Andacht mit der Taiz\u00e9-Gruppe von St.Gabriel<br \/>\nund dem Chor Hl.Kreuz<\/li>\n<li>16 Uhr Offenes Singen mit dem Chor 180\u00b0<\/li>\n<\/ul>\n<p>Kuchen und Getr\u00e4nke werden bereitstehen.<\/p>\n<p>Durch den Besuch der Veranstaltung kann jeder das Anliegen unterst\u00fctzen, den denkmalgesch\u00fctzten Kirchenbau Heilig Kreuz auch zuk\u00fcnftig f\u00fcr die Gemeinde zu erhalten. <!--more--><\/p>\n<p>Den <a href=\"https:\/\/heilig-kreuz-volksdorf.de\/wp-content\/uploads\/sites\/5\/2026\/09\/260912-Artikel-HP_Tag-des-offenen-Denkmals.pdf\" target=\"_blank\" rel=\"noopener\">Programmflyer f\u00fcr Hl. Kreuz<\/a> steht hier zum Download bereit. Das vollst\u00e4ndige Programm des Denkmaltages in Hamburg findet sich auf der Homepage der Hamburger Denkmalstiftung:&nbsp; &nbsp; &nbsp; &nbsp;<br \/>\n<a href=\"http:\/\/www.denkmalstiftung.de\/denkmaltag\">www.denkmalstiftung.de\/denkmaltag<\/a><\/p>\n<p>In \u00f6kumenischer Verbundenheit weisen wir auch auf die weitere denkmalgesch\u00fctzte Kirche in Volksdorf hin: Ev.-Luth. Kirchengemeinde Volksdorf, Standort St. Gabriel, Sorenremen 16, 22359 Hamburg. Dort wird es zum Tag des offenen Denkmals verschiedene Veranstaltungen geben; u.a. am 12. September 2026, ab 18:00 Uhr Swing-Tanz und Swing-Musik.<\/p>\n<p>F\u00fcr den Vorstand des F\u00f6rdervereins Heilig Kreuz, Volksdorf e.V.<br \/>\nBernd Steinmetz<\/p>\n","protected":false},"excerpt":{"rendered":"<p>Liebe Pfarreiemitglieder, Der F\u00f6rderverein Heilig Kreuz, Volksdorf e.V. hat sich in diesem Jahr erstmals f\u00fcr die Aktion \u201eTag des offenen Denkmals\u201c angemeldet. Wir werden hierbei von der Hamburger Denkmalstiftung unterst\u00fctzt. Unsere Kirche Heilig Kreuz wird in der Zeit von 10:30 Uhr bis 17:00 Uhr der \u00d6ffentlichkeit pr\u00e4sentiert. Es wird Kirchenf\u00fchrungen f\u00fcr Interessierte geben und folgendes &hellip; <a href=\"https:\/\/johannes-prassek.de\/?p=17972\" class=\"more-link\"><span class=\"screen-reader-text\">\u201eTag des offenen Denkmals\u201c erstmals auch in Heilig Kreuz! Am Samstag, 12.09.26 von 10:30 &#8211; 17:00 Uhr<\/span> weiterlesen <span class=\"meta-nav\">&rarr;<\/span><\/a><\/p>\n","protected":false},"author":8,"featured_media":0,"comment_status":"closed","ping_status":"closed","sticky":false,"template":"","format":"standard","meta":{"_uag_custom_page_level_css":"","ngg_post_thumbnail":0,"cybocfi_hide_featured_image":"","footnotes":""},"categories":[2,155,55,30],"tags":[],"class_list":["post-17972","post","type-post","status-publish","format-standard","hentry","category-aktuelles","category-aktuelles-pfarrei","category-ankuendigungen","category-pfarrei"],"uagb_featured_image_src":{"full":false,"thumbnail":false,"medium":false,"medium_large":false,"large":false,"1536x1536":false,"2048x2048":false,"post-thumbnail":false,"twentyfourteen-full-width":false,"mailpoet_newsletter_max":false},"uagb_author_info":{"display_name":"Norbert L\u00fcbke","author_link":"https:\/\/johannes-prassek.de\/?author=8"},"uagb_comment_info":0,"uagb_excerpt":"Liebe Pfarreiemitglieder, Der F\u00f6rderverein Heilig Kreuz, Volksdorf e.V. hat sich in diesem Jahr erstmals f\u00fcr die Aktion \u201eTag des offenen Denkmals\u201c angemeldet. Wir werden hierbei von der Hamburger Denkmalstiftung unterst\u00fctzt. Unsere Kirche Heilig Kreuz wird in der Zeit von 10:30 Uhr bis 17:00 Uhr der \u00d6ffentlichkeit pr\u00e4sentiert. Es wird Kirchenf\u00fchrungen f\u00fcr Interessierte geben und folgendes&hellip;","publishpress_future_action":{"enabled":false,"date":"2026-09-11 08:56:47","action":"change-status","newStatus":"draft","terms":[],"taxonomy":"category","extraData":[]},"publishpress_future_workflow_manual_trigger":{"enabledWorkflows":[]},"_links":{"self":[{"href":"https:\/\/johannes-prassek.de\/index.php?rest_route=\/wp\/v2\/posts\/17972","targetHints":{"allow":["GET"]}}],"collection":[{"href":"https:\/\/johannes-prassek.de\/index.php?rest_route=\/wp\/v2\/posts"}],"about":[{"href":"https:\/\/johannes-prassek.de\/index.php?rest_route=\/wp\/v2\/types\/post"}],"author":[{"embeddable":true,"href":"https:\/\/johannes-prassek.de\/index.php?rest_route=\/wp\/v2\/users\/8"}],"replies":[{"embeddable":true,"href":"https:\/\/johannes-prassek.de\/index.php?rest_route=%2Fwp%2Fv2%2Fcomments&post=17972"}],"version-history":[{"count":1,"href":"https:\/\/johannes-prassek.de\/index.php?rest_route=\/wp\/v2\/posts\/17972\/revisions"}],"predecessor-version":[{"id":17973,"href":"https:\/\/johannes-prassek.de\/index.php?rest_route=\/wp\/v2\/posts\/17972\/revisions\/17973"}],"wp:attachment":[{"href":"https:\/\/johannes-prassek.de\/index.php?rest_route=%2Fwp%2Fv2%2Fmedia&parent=17972"}],"wp:term":[{"taxonomy":"category","embeddable":true,"href":"https:\/\/johannes-prassek.de\/index.php?rest_route=%2Fwp%2Fv2%2Fcategories&post=17972"},{"taxonomy":"post_tag","embeddable":true,"href":"https:\/\/johannes-prassek.de\/index.php?rest_route=%2Fwp%2Fv2%2Ftags&post=17972"}],"curies":[{"name":"wp","href":"https:\/\/api.w.org\/{rel}","templated":true}]}}