{"id":17522,"date":"2026-04-29T22:17:30","date_gmt":"2026-04-29T20:17:30","guid":{"rendered":"https:\/\/johannes-prassek.de\/?p=17522"},"modified":"2026-04-29T22:19:48","modified_gmt":"2026-04-29T20:19:48","slug":"termine-weiterer-gedenkfeiern-2026-fuer-verstorbene-kinder-im-st-mariendom","status":"publish","type":"post","link":"https:\/\/johannes-prassek.de\/?p=17522","title":{"rendered":"Termine weiterer Gedenkfeiern 2026 f\u00fcr verstorbene Kinder im St. Mariendom"},"content":{"rendered":"<p><a href=\"https:\/\/heilig-kreuz-volksdorf.de\/wp-content\/uploads\/sites\/5\/2026\/04\/260620-Binde_deinen_Karren_an_einen_Stern_Anzeige.pdf\" target=\"_blank\" rel=\"noopener\"><img loading=\"lazy\" decoding=\"async\" class=\"alignleft  wp-image-7324\" src=\"https:\/\/heilig-kreuz-volksdorf.de\/wp-content\/uploads\/sites\/5\/2026\/04\/260620-Binde_deinen_Karren_an_einen_Stern_Anzeige.jpg\" alt=\"\" width=\"252\" height=\"357\"\/><\/a>Liebe Mitglieder der Pfarrei Seliger Johannes Prassek,<\/p>\n<p>auch in diesem Jahr gestalten meine Kollegin Astrid Sievers und ich wieder zwei Gedenkfeiern f\u00fcr verstorbene Kinder im St. Marien-Dom und laden hierzu herzlich ein am <strong>Samstag, 20.06.26 um 14:00<\/strong> Uhr und am <strong>Samstag, den 12.12.26 um 11:00 Uhr<\/strong>. Reichen Sie diese Termine bitte gerne an Interessierte weiter. Den <a href=\"https:\/\/heilig-kreuz-volksdorf.de\/wp-content\/uploads\/sites\/5\/2026\/04\/260620-Binde_deinen_Karren_an_einen_Stern_Anzeige.pdf\" target=\"_blank\" rel=\"noopener\">Flyer zum Ausdruck finden Sie hier<\/a>!<\/p>\n<p>Mit Dank vorab f\u00fcr Ihre Unterst\u00fctzung sende ich auch im Namen von Astrid Sievers&nbsp;herzliche Gr\u00fc\u00dfe,&nbsp;<\/p>\n<p>Christiane Bente (Religionsp\u00e4dagogin | system. Organisationsberaterin &amp; Coach |&nbsp;<span style=\"font-size: revert\">Seelsorgerin)<\/span><\/p>\n","protected":false},"excerpt":{"rendered":"<p>Liebe Mitglieder der Pfarrei Seliger Johannes Prassek, auch in diesem Jahr gestalten meine Kollegin Astrid Sievers und ich wieder zwei Gedenkfeiern f\u00fcr verstorbene Kinder im St. Marien-Dom und laden hierzu herzlich ein am Samstag, 20.06.26 um 14:00 Uhr und am Samstag, den 12.12.26 um 11:00 Uhr. Reichen Sie diese Termine bitte gerne an Interessierte weiter. &hellip; <a href=\"https:\/\/johannes-prassek.de\/?p=17522\" class=\"more-link\"><span class=\"screen-reader-text\">Termine weiterer Gedenkfeiern 2026 f\u00fcr verstorbene Kinder im St. Mariendom<\/span> weiterlesen <span class=\"meta-nav\">&rarr;<\/span><\/a><\/p>\n","protected":false},"author":8,"featured_media":0,"comment_status":"closed","ping_status":"closed","sticky":false,"template":"","format":"standard","meta":{"_uag_custom_page_level_css":"","ngg_post_thumbnail":0,"cybocfi_hide_featured_image":"","footnotes":""},"categories":[2,155,55,6,10,24,28,30,34,36],"tags":[],"class_list":["post-17522","post","type-post","status-publish","format-standard","hentry","category-aktuelles","category-aktuelles-pfarrei","category-ankuendigungen","category-heilig-geist","category-heilig-geist-pfarrei-aktuell","category-mariae-himmelfahrt","category-mh-pfarrei-aktuell","category-pfarrei","category-st-bernard","category-st-bernard-gemeinde-aktuell"],"uagb_featured_image_src":{"full":false,"thumbnail":false,"medium":false,"medium_large":false,"large":false,"1536x1536":false,"2048x2048":false,"post-thumbnail":false,"twentyfourteen-full-width":false,"mailpoet_newsletter_max":false},"uagb_author_info":{"display_name":"Norbert L\u00fcbke","author_link":"https:\/\/johannes-prassek.de\/?author=8"},"uagb_comment_info":0,"uagb_excerpt":"Liebe Mitglieder der Pfarrei Seliger Johannes Prassek, auch in diesem Jahr gestalten meine Kollegin Astrid Sievers und ich wieder zwei Gedenkfeiern f\u00fcr verstorbene Kinder im St. Marien-Dom und laden hierzu herzlich ein am Samstag, 20.06.26 um 14:00 Uhr und am Samstag, den 12.12.26 um 11:00 Uhr. Reichen Sie diese Termine bitte gerne an Interessierte weiter.&hellip;","publishpress_future_action":{"enabled":false,"date":"2026-05-07 14:14:27","action":"change-status","newStatus":"draft","terms":[],"taxonomy":"category","extraData":[]},"publishpress_future_workflow_manual_trigger":{"enabledWorkflows":[]},"_links":{"self":[{"href":"https:\/\/johannes-prassek.de\/index.php?rest_route=\/wp\/v2\/posts\/17522","targetHints":{"allow":["GET"]}}],"collection":[{"href":"https:\/\/johannes-prassek.de\/index.php?rest_route=\/wp\/v2\/posts"}],"about":[{"href":"https:\/\/johannes-prassek.de\/index.php?rest_route=\/wp\/v2\/types\/post"}],"author":[{"embeddable":true,"href":"https:\/\/johannes-prassek.de\/index.php?rest_route=\/wp\/v2\/users\/8"}],"replies":[{"embeddable":true,"href":"https:\/\/johannes-prassek.de\/index.php?rest_route=%2Fwp%2Fv2%2Fcomments&post=17522"}],"version-history":[{"count":1,"href":"https:\/\/johannes-prassek.de\/index.php?rest_route=\/wp\/v2\/posts\/17522\/revisions"}],"predecessor-version":[{"id":17523,"href":"https:\/\/johannes-prassek.de\/index.php?rest_route=\/wp\/v2\/posts\/17522\/revisions\/17523"}],"wp:attachment":[{"href":"https:\/\/johannes-prassek.de\/index.php?rest_route=%2Fwp%2Fv2%2Fmedia&parent=17522"}],"wp:term":[{"taxonomy":"category","embeddable":true,"href":"https:\/\/johannes-prassek.de\/index.php?rest_route=%2Fwp%2Fv2%2Fcategories&post=17522"},{"taxonomy":"post_tag","embeddable":true,"href":"https:\/\/johannes-prassek.de\/index.php?rest_route=%2Fwp%2Fv2%2Ftags&post=17522"}],"curies":[{"name":"wp","href":"https:\/\/api.w.org\/{rel}","templated":true}]}}