{"id":17512,"date":"2026-04-27T07:45:52","date_gmt":"2026-04-27T05:45:52","guid":{"rendered":"https:\/\/johannes-prassek.de\/?p=17512"},"modified":"2026-04-27T07:53:51","modified_gmt":"2026-04-27T05:53:51","slug":"naechster-lesekreis-glaube-und-literatur-am-10-05-2026-in-hl-kreuz","status":"publish","type":"post","link":"https:\/\/johannes-prassek.de\/?p=17512","title":{"rendered":"N\u00e4chster Lesekreis &#8222;Glaube und Literatur&#8220; am 10.05.2026 um 16:00 Uhr in Hl. Kreuz &#8211; Volksdorf"},"content":{"rendered":"<p><img loading=\"lazy\" decoding=\"async\" class=\"alignleft wp-image-7324\" src=\"https:\/\/heilig-kreuz-volksdorf.de\/wp-content\/uploads\/sites\/5\/2026\/03\/Wie-schnuert-ein-Mystiker-seine-Schuhe_Titelbild.jpg\" alt=\"\" width=\"169\" height=\"267\"><\/p>\n<p>Interessieren Sie auch B\u00fccher, die Fragen des Glaubens ber\u00fchren &#8211; sei es mit eher literarischem, sei es mit eher theologischem Schwerpunkt?<br \/>\nWir tun das und m\u00f6chten dar\u00fcber sprechen.<\/p>\n<p>Der Satz von Karl Rahner : \u201eDer Christ der Zukunft wird ein Mystiker sein &#8211; oder er wird nicht sein\u201c hat uns veranlasst, Literatur aus diesem Bereich ins Auge zu nehmen. Als ersten Einstieg setzen wir uns mit den kleinen Geschichten aus dem Buch von <strong>&nbsp;Lorenz Marti: \u201eWie schn\u00fcrt ein Mystiker seine Schuhe\u201c <\/strong>auseinander. Jeder m\u00f6ge&nbsp; Geschichten daraus vorstellen, die sie\/ihn ber\u00fchren. Damit setzen wir&nbsp; unseren Kreis am <strong>Sonntag, den 10. Mai&nbsp; 2026<\/strong>&nbsp;<strong>um 16:00 Uhr<\/strong> fort. <span style=\"text-decoration: underline;\">Einen erg\u00e4nzenden Text zu Karl Rahners obiger Aussage finden Sie<\/span> <a href=\"https:\/\/heilig-kreuz-volksdorf.de\/wp-content\/uploads\/sites\/5\/2026\/04\/260427-Rahner_Glaubensferne-mit-Quelle.pdf\" target=\"_blank\" rel=\"noopener\">hier<\/a>!<!--more--><\/p>\n<p>Der Lesekreis trifft sich i.d.R. ca. alle 3-4 Wochen sonntags im Versammlungsraum der Gemeinde Heilig Kreuz.&nbsp; <strong>Neue Teilnehmer sind herzlich willkommen!&nbsp;<\/strong><\/p>\n<p>Andrea und Norbert L\u00fcbke, Andrea K\u00fcster<br \/>\n<strong>Kontakt:<\/strong> Andrea L\u00fcbke,&nbsp; Tel:&nbsp; 0176 49585237, Mail: <a href=\"mailto:a.luebke@johannes-prassek.de\">a.luebke@johannes-prassek.de<\/a><\/p>\n","protected":false},"excerpt":{"rendered":"<p>Interessieren Sie auch B\u00fccher, die Fragen des Glaubens ber\u00fchren &#8211; sei es mit eher literarischem, sei es mit eher theologischem Schwerpunkt? Wir tun das und m\u00f6chten dar\u00fcber sprechen. Der Satz von Karl Rahner : \u201eDer Christ der Zukunft wird ein Mystiker sein &#8211; oder er wird nicht sein\u201c hat uns veranlasst, Literatur aus diesem Bereich &hellip; <a href=\"https:\/\/johannes-prassek.de\/?p=17512\" class=\"more-link\"><span class=\"screen-reader-text\">N\u00e4chster Lesekreis &#8222;Glaube und Literatur&#8220; am 10.05.2026 um 16:00 Uhr in Hl. Kreuz &#8211; Volksdorf<\/span> weiterlesen <span class=\"meta-nav\">&rarr;<\/span><\/a><\/p>\n","protected":false},"author":8,"featured_media":0,"comment_status":"closed","ping_status":"closed","sticky":false,"template":"","format":"standard","meta":{"_uag_custom_page_level_css":"","ngg_post_thumbnail":0,"cybocfi_hide_featured_image":"","footnotes":""},"categories":[2,155,55,56,6,10,24,28,30,34,38,39,41,49],"tags":[],"class_list":["post-17512","post","type-post","status-publish","format-standard","hentry","category-aktuelles","category-aktuelles-pfarrei","category-ankuendigungen","category-ankuendigungs-archiv","category-heilig-geist","category-heilig-geist-pfarrei-aktuell","category-mariae-himmelfahrt","category-mh-pfarrei-aktuell","category-pfarrei","category-st-bernard","category-st-bernard-pfarrei-aktuell","category-st-wilhelm","category-sw-aktuell","category-sw-pfarrei-aktuell"],"uagb_featured_image_src":{"full":false,"thumbnail":false,"medium":false,"medium_large":false,"large":false,"1536x1536":false,"2048x2048":false,"post-thumbnail":false,"twentyfourteen-full-width":false,"mailpoet_newsletter_max":false},"uagb_author_info":{"display_name":"Norbert L\u00fcbke","author_link":"https:\/\/johannes-prassek.de\/?author=8"},"uagb_comment_info":0,"uagb_excerpt":"Interessieren Sie auch B\u00fccher, die Fragen des Glaubens ber\u00fchren &#8211; sei es mit eher literarischem, sei es mit eher theologischem Schwerpunkt? Wir tun das und m\u00f6chten dar\u00fcber sprechen. Der Satz von Karl Rahner : \u201eDer Christ der Zukunft wird ein Mystiker sein &#8211; oder er wird nicht sein\u201c hat uns veranlasst, Literatur aus diesem Bereich&hellip;","publishpress_future_action":{"enabled":false,"date":"2026-05-04 16:29:59","action":"change-status","newStatus":"draft","terms":[],"taxonomy":"category","extraData":[]},"publishpress_future_workflow_manual_trigger":{"enabledWorkflows":[]},"_links":{"self":[{"href":"https:\/\/johannes-prassek.de\/index.php?rest_route=\/wp\/v2\/posts\/17512","targetHints":{"allow":["GET"]}}],"collection":[{"href":"https:\/\/johannes-prassek.de\/index.php?rest_route=\/wp\/v2\/posts"}],"about":[{"href":"https:\/\/johannes-prassek.de\/index.php?rest_route=\/wp\/v2\/types\/post"}],"author":[{"embeddable":true,"href":"https:\/\/johannes-prassek.de\/index.php?rest_route=\/wp\/v2\/users\/8"}],"replies":[{"embeddable":true,"href":"https:\/\/johannes-prassek.de\/index.php?rest_route=%2Fwp%2Fv2%2Fcomments&post=17512"}],"version-history":[{"count":3,"href":"https:\/\/johannes-prassek.de\/index.php?rest_route=\/wp\/v2\/posts\/17512\/revisions"}],"predecessor-version":[{"id":17515,"href":"https:\/\/johannes-prassek.de\/index.php?rest_route=\/wp\/v2\/posts\/17512\/revisions\/17515"}],"wp:attachment":[{"href":"https:\/\/johannes-prassek.de\/index.php?rest_route=%2Fwp%2Fv2%2Fmedia&parent=17512"}],"wp:term":[{"taxonomy":"category","embeddable":true,"href":"https:\/\/johannes-prassek.de\/index.php?rest_route=%2Fwp%2Fv2%2Fcategories&post=17512"},{"taxonomy":"post_tag","embeddable":true,"href":"https:\/\/johannes-prassek.de\/index.php?rest_route=%2Fwp%2Fv2%2Ftags&post=17512"}],"curies":[{"name":"wp","href":"https:\/\/api.w.org\/{rel}","templated":true}]}}