{"id":16203,"date":"2025-02-21T13:38:11","date_gmt":"2025-02-21T12:38:11","guid":{"rendered":"https:\/\/johannes-prassek.de\/?p=16203"},"modified":"2025-02-21T13:41:03","modified_gmt":"2025-02-21T12:41:03","slug":"einladung-zur-sitzung-02-2025-des-kirchenvorstandes-am-27-02-2025-in-hl-kreuz-volksdorf","status":"publish","type":"post","link":"https:\/\/johannes-prassek.de\/?p=16203","title":{"rendered":"Einladung zur Sitzung 02 \u2013 2025 des Kirchenvorstandes am 27.02.2025 in Hl. Kreuz, Volksdorf"},"content":{"rendered":"\n<h2 class=\"wp-block-heading has-text-align-center\">Tagesordnung<\/h2>\n\n\n\n<ol class=\"wp-block-list\">\n<li>Begr\u00fc\u00dfung und Feststellung der Beschlussf\u00e4higkeit<\/li>\n\n\n\n<li>Geistlicher Impuls<\/li>\n\n\n\n<li>Protokoll der letzten Sitzungen.<\/li>\n\n\n\n<li>Tagesordnung evtl. Ver\u00e4nderungen und Anmeldung von Punkten unter \u201eVerschiedenes\u201c<\/li>\n\n\n\n<li>Aufgaben und Zust\u00e4ndigkeiten in der Pfarradministration. Festlegung Dienstvorgesetzte.<\/li>\n\n\n\n<li>Weiteres Vorgehen Immobilien. Information in die Pfarr\u00f6ffentlichkeit.<\/li>\n\n\n\n<li>Arbeitssicherheitsbegehungen. Sachstand.<\/li>\n\n\n\n<li>Bericht aus dem Finanzausschuss<\/li>\n\n\n\n<li>Vorsitz des FA<\/li>\n\n\n\n<li>Bericht aus dem Bauausschuss\n<ul class=\"wp-block-list\">\n<li>Umgang mit Reparaturen vor dem aktuellen Haushaltshintergrund.<\/li>\n<\/ul>\n<\/li>\n\n\n\n<li>Bericht aus dem Kita-Ausschuss\n<ul class=\"wp-block-list\">\n<li>Fortgang Bauprojekt Farmsen und Eigentumsfrage<\/li>\n<\/ul>\n<\/li>\n\n\n\n<li>Bericht aus dem PPR<\/li>\n\n\n\n<li>Bericht aus der Kontaktgruppe f\u00fcr die neue Leitungsstruktur der Pfarrei<\/li>\n\n\n\n<li>Verschiedenes<\/li>\n<\/ol>\n\n\n\n<p>Nicht \u00f6ffentlicher Teil: <\/p>\n\n\n\n<p>19. Bericht des Personalausschuss<\/p>\n\n\n\n<p>N\u00e4chste Sitzung: Mo. 24.03.2025, (Hl. Geist)<\/p>\n\n\n<a href=\"https:\/\/johannes-prassek.de\/wp-content\/uploads\/2025\/02\/TO-KV-02-2025.pdf\" class=\"pdfemb-viewer\" style=\"\" data-width=\"max\" data-height=\"max\" data-toolbar=\"bottom\" data-toolbar-fixed=\"on\">TO-KV-02-2025<\/a>","protected":false},"excerpt":{"rendered":"<p>Tagesordnung Nicht \u00f6ffentlicher Teil: 19. Bericht des Personalausschuss N\u00e4chste Sitzung: Mo. 24.03.2025, (Hl. Geist)<\/p>\n","protected":false},"author":2,"featured_media":14851,"comment_status":"closed","ping_status":"closed","sticky":false,"template":"","format":"standard","meta":{"_uag_custom_page_level_css":"","ngg_post_thumbnail":0,"cybocfi_hide_featured_image":"","footnotes":""},"categories":[71],"tags":[],"class_list":["post-16203","post","type-post","status-publish","format-standard","has-post-thumbnail","hentry","category-kv"],"uagb_featured_image_src":{"full":["https:\/\/johannes-prassek.de\/wp-content\/uploads\/2024\/05\/Logo_SJP_KV.jpg",557,158,false],"thumbnail":["https:\/\/johannes-prassek.de\/wp-content\/uploads\/2024\/05\/Logo_SJP_KV-150x43.jpg",150,43,true],"medium":["https:\/\/johannes-prassek.de\/wp-content\/uploads\/2024\/05\/Logo_SJP_KV-300x85.jpg",300,85,true],"medium_large":["https:\/\/johannes-prassek.de\/wp-content\/uploads\/2024\/05\/Logo_SJP_KV.jpg",474,134,false],"large":["https:\/\/johannes-prassek.de\/wp-content\/uploads\/2024\/05\/Logo_SJP_KV.jpg",474,134,false],"1536x1536":["https:\/\/johannes-prassek.de\/wp-content\/uploads\/2024\/05\/Logo_SJP_KV.jpg",557,158,false],"2048x2048":["https:\/\/johannes-prassek.de\/wp-content\/uploads\/2024\/05\/Logo_SJP_KV.jpg",557,158,false],"post-thumbnail":["https:\/\/johannes-prassek.de\/wp-content\/uploads\/2024\/05\/Logo_SJP_KV.jpg",557,158,false],"twentyfourteen-full-width":["https:\/\/johannes-prassek.de\/wp-content\/uploads\/2024\/05\/Logo_SJP_KV.jpg",557,158,false],"mailpoet_newsletter_max":["https:\/\/johannes-prassek.de\/wp-content\/uploads\/2024\/05\/Logo_SJP_KV.jpg",557,158,false]},"uagb_author_info":{"display_name":"Thomas Kittel","author_link":"https:\/\/johannes-prassek.de\/?author=2"},"uagb_comment_info":0,"uagb_excerpt":"Tagesordnung Nicht \u00f6ffentlicher Teil: 19. Bericht des Personalausschuss N\u00e4chste Sitzung: Mo. 24.03.2025, (Hl. Geist)","publishpress_future_action":{"enabled":false,"date":"2026-05-07 02:04:48","action":"change-status","newStatus":"draft","terms":[],"taxonomy":"category","extraData":[]},"publishpress_future_workflow_manual_trigger":{"enabledWorkflows":[]},"_links":{"self":[{"href":"https:\/\/johannes-prassek.de\/index.php?rest_route=\/wp\/v2\/posts\/16203","targetHints":{"allow":["GET"]}}],"collection":[{"href":"https:\/\/johannes-prassek.de\/index.php?rest_route=\/wp\/v2\/posts"}],"about":[{"href":"https:\/\/johannes-prassek.de\/index.php?rest_route=\/wp\/v2\/types\/post"}],"author":[{"embeddable":true,"href":"https:\/\/johannes-prassek.de\/index.php?rest_route=\/wp\/v2\/users\/2"}],"replies":[{"embeddable":true,"href":"https:\/\/johannes-prassek.de\/index.php?rest_route=%2Fwp%2Fv2%2Fcomments&post=16203"}],"version-history":[{"count":3,"href":"https:\/\/johannes-prassek.de\/index.php?rest_route=\/wp\/v2\/posts\/16203\/revisions"}],"predecessor-version":[{"id":16207,"href":"https:\/\/johannes-prassek.de\/index.php?rest_route=\/wp\/v2\/posts\/16203\/revisions\/16207"}],"wp:featuredmedia":[{"embeddable":true,"href":"https:\/\/johannes-prassek.de\/index.php?rest_route=\/wp\/v2\/media\/14851"}],"wp:attachment":[{"href":"https:\/\/johannes-prassek.de\/index.php?rest_route=%2Fwp%2Fv2%2Fmedia&parent=16203"}],"wp:term":[{"taxonomy":"category","embeddable":true,"href":"https:\/\/johannes-prassek.de\/index.php?rest_route=%2Fwp%2Fv2%2Fcategories&post=16203"},{"taxonomy":"post_tag","embeddable":true,"href":"https:\/\/johannes-prassek.de\/index.php?rest_route=%2Fwp%2Fv2%2Ftags&post=16203"}],"curies":[{"name":"wp","href":"https:\/\/api.w.org\/{rel}","templated":true}]}}